{"id":584,"date":"2022-12-18T09:54:10","date_gmt":"2022-12-18T09:54:10","guid":{"rendered":"http:\/\/ferienhaus-eiderdeich.com\/?p=584"},"modified":"2022-12-18T09:54:10","modified_gmt":"2022-12-18T09:54:10","slug":"westerhever-leuchtturm","status":"publish","type":"post","link":"http:\/\/ferienhaus-eiderdeich.com\/?p=584","title":{"rendered":"Westerhever Leuchtturm"},"content":{"rendered":"<p>Wie w\u00e4re es mal&#8230;..mit einer Tour zum Westerhever Leuchtturm.<\/p>\n<p>Das Wahrezeichen Eiderstedts, der Westerhever Leuchtturm. Mein letzter Besuch war in meiner Kindheit, also wollte ich ihn unbedingt mal wieder sehen und habe eine Radtour dorthin unternommen.<\/p>\n<p>Wer mit dem Auto anreist, kann hinter dem Deich auf dem geb\u00fchrenpflichtigen Parkplatz stehen. Die Preise sind hier:\u00a0<a href=\"https:\/\/westerhever-nordsee.de\/service\/parken\/\">https:\/\/westerhever-nordsee.de\/service\/parken\/<\/a><br \/>\nAuf dieser Seite sind auch die Informationen zum Leuchtturm, den F\u00fchrungen, dem Imbiss am Parkplatz, etc.<\/p>\n<p><img fetchpriority=\"high\" decoding=\"async\" class=\"alignnone size-medium wp-image-593\" src=\"http:\/\/ferienhaus-eiderdeich.com\/wp-content\/uploads\/2022\/12\/IMG_6699-300x225.jpg\" alt=\"\" width=\"300\" height=\"225\" srcset=\"http:\/\/ferienhaus-eiderdeich.com\/wp-content\/uploads\/2022\/12\/IMG_6699-300x225.jpg 300w, http:\/\/ferienhaus-eiderdeich.com\/wp-content\/uploads\/2022\/12\/IMG_6699-1024x768.jpg 1024w, http:\/\/ferienhaus-eiderdeich.com\/wp-content\/uploads\/2022\/12\/IMG_6699-768x576.jpg 768w, http:\/\/ferienhaus-eiderdeich.com\/wp-content\/uploads\/2022\/12\/IMG_6699-1536x1152.jpg 1536w, http:\/\/ferienhaus-eiderdeich.com\/wp-content\/uploads\/2022\/12\/IMG_6699-2048x1536.jpg 2048w, http:\/\/ferienhaus-eiderdeich.com\/wp-content\/uploads\/2022\/12\/IMG_6699-1140x855.jpg 1140w\" sizes=\"(max-width: 300px) 100vw, 300px\" \/><\/p>\n<p>Es gibt dann zwei Wege zum Leuchtturm. Ein reiner Fussweg (der Stockenstieg) und ein befestigter Weg f\u00fcr Fu\u00dfg\u00e4nger und Radfahrer. Beide sind ca. 2 km und zu Fuss etwa 30 Minuten. Der Stockenstieg ist &#8222;Einbahnstra\u00dfe&#8220; &#8211; vom Leuchtturm zum Deich. (\u00a0<a href=\"https:\/\/westerhever-nordsee.de\/leuchtturm\/stockenstieg\/\">https:\/\/westerhever-nordsee.de\/leuchtturm\/stockenstieg\/<\/a>)<\/p>\n<p><img decoding=\"async\" class=\"alignnone size-medium wp-image-587\" src=\"http:\/\/ferienhaus-eiderdeich.com\/wp-content\/uploads\/2022\/12\/IMG_6683-225x300.jpeg\" alt=\"\" width=\"225\" height=\"300\" srcset=\"http:\/\/ferienhaus-eiderdeich.com\/wp-content\/uploads\/2022\/12\/IMG_6683-225x300.jpeg 225w, http:\/\/ferienhaus-eiderdeich.com\/wp-content\/uploads\/2022\/12\/IMG_6683-768x1024.jpeg 768w, http:\/\/ferienhaus-eiderdeich.com\/wp-content\/uploads\/2022\/12\/IMG_6683-1152x1536.jpeg 1152w, http:\/\/ferienhaus-eiderdeich.com\/wp-content\/uploads\/2022\/12\/IMG_6683-1536x2048.jpeg 1536w, http:\/\/ferienhaus-eiderdeich.com\/wp-content\/uploads\/2022\/12\/IMG_6683-1140x1520.jpeg 1140w, http:\/\/ferienhaus-eiderdeich.com\/wp-content\/uploads\/2022\/12\/IMG_6683-scaled.jpeg 1920w\" sizes=\"(max-width: 225px) 100vw, 225px\" \/> <img decoding=\"async\" class=\"alignnone size-medium wp-image-585\" src=\"http:\/\/ferienhaus-eiderdeich.com\/wp-content\/uploads\/2022\/12\/IMG_6679-225x300.jpeg\" alt=\"\" width=\"225\" height=\"300\" srcset=\"http:\/\/ferienhaus-eiderdeich.com\/wp-content\/uploads\/2022\/12\/IMG_6679-225x300.jpeg 225w, http:\/\/ferienhaus-eiderdeich.com\/wp-content\/uploads\/2022\/12\/IMG_6679-768x1024.jpeg 768w, http:\/\/ferienhaus-eiderdeich.com\/wp-content\/uploads\/2022\/12\/IMG_6679-1152x1536.jpeg 1152w, http:\/\/ferienhaus-eiderdeich.com\/wp-content\/uploads\/2022\/12\/IMG_6679-1536x2048.jpeg 1536w, http:\/\/ferienhaus-eiderdeich.com\/wp-content\/uploads\/2022\/12\/IMG_6679-1140x1520.jpeg 1140w, http:\/\/ferienhaus-eiderdeich.com\/wp-content\/uploads\/2022\/12\/IMG_6679-scaled.jpeg 1920w\" sizes=\"(max-width: 225px) 100vw, 225px\" \/><\/p>\n<p>Auf den Turm kommt man nur mit vorheriger Anmeldung. Das Gel\u00e4nde um den Turm herum ist aber ge\u00f6ffnet und kostenlos.<\/p>\n<p><img loading=\"lazy\" decoding=\"async\" class=\"alignnone size-medium wp-image-592\" src=\"http:\/\/ferienhaus-eiderdeich.com\/wp-content\/uploads\/2022\/12\/IMG_6696-225x300.jpeg\" alt=\"\" width=\"225\" height=\"300\" srcset=\"http:\/\/ferienhaus-eiderdeich.com\/wp-content\/uploads\/2022\/12\/IMG_6696-225x300.jpeg 225w, http:\/\/ferienhaus-eiderdeich.com\/wp-content\/uploads\/2022\/12\/IMG_6696-768x1024.jpeg 768w, http:\/\/ferienhaus-eiderdeich.com\/wp-content\/uploads\/2022\/12\/IMG_6696-1152x1536.jpeg 1152w, http:\/\/ferienhaus-eiderdeich.com\/wp-content\/uploads\/2022\/12\/IMG_6696-1536x2048.jpeg 1536w, http:\/\/ferienhaus-eiderdeich.com\/wp-content\/uploads\/2022\/12\/IMG_6696-1140x1520.jpeg 1140w, http:\/\/ferienhaus-eiderdeich.com\/wp-content\/uploads\/2022\/12\/IMG_6696-scaled.jpeg 1920w\" sizes=\"(max-width: 225px) 100vw, 225px\" \/> <img loading=\"lazy\" decoding=\"async\" class=\"alignnone size-medium wp-image-588\" src=\"http:\/\/ferienhaus-eiderdeich.com\/wp-content\/uploads\/2022\/12\/IMG_6686-225x300.jpeg\" alt=\"\" width=\"225\" height=\"300\" srcset=\"http:\/\/ferienhaus-eiderdeich.com\/wp-content\/uploads\/2022\/12\/IMG_6686-225x300.jpeg 225w, http:\/\/ferienhaus-eiderdeich.com\/wp-content\/uploads\/2022\/12\/IMG_6686-768x1024.jpeg 768w, http:\/\/ferienhaus-eiderdeich.com\/wp-content\/uploads\/2022\/12\/IMG_6686-1152x1536.jpeg 1152w, http:\/\/ferienhaus-eiderdeich.com\/wp-content\/uploads\/2022\/12\/IMG_6686-1536x2048.jpeg 1536w, http:\/\/ferienhaus-eiderdeich.com\/wp-content\/uploads\/2022\/12\/IMG_6686-1140x1520.jpeg 1140w, http:\/\/ferienhaus-eiderdeich.com\/wp-content\/uploads\/2022\/12\/IMG_6686-scaled.jpeg 1920w\" sizes=\"(max-width: 225px) 100vw, 225px\" \/> <img loading=\"lazy\" decoding=\"async\" class=\"alignnone size-medium wp-image-589\" src=\"http:\/\/ferienhaus-eiderdeich.com\/wp-content\/uploads\/2022\/12\/IMG_6689-225x300.jpeg\" alt=\"\" width=\"225\" height=\"300\" srcset=\"http:\/\/ferienhaus-eiderdeich.com\/wp-content\/uploads\/2022\/12\/IMG_6689-225x300.jpeg 225w, http:\/\/ferienhaus-eiderdeich.com\/wp-content\/uploads\/2022\/12\/IMG_6689-768x1024.jpeg 768w, http:\/\/ferienhaus-eiderdeich.com\/wp-content\/uploads\/2022\/12\/IMG_6689-1152x1536.jpeg 1152w, http:\/\/ferienhaus-eiderdeich.com\/wp-content\/uploads\/2022\/12\/IMG_6689-1536x2048.jpeg 1536w, http:\/\/ferienhaus-eiderdeich.com\/wp-content\/uploads\/2022\/12\/IMG_6689-1140x1520.jpeg 1140w, http:\/\/ferienhaus-eiderdeich.com\/wp-content\/uploads\/2022\/12\/IMG_6689-scaled.jpeg 1920w\" sizes=\"(max-width: 225px) 100vw, 225px\" \/><\/p>\n<p>Es gibt ein &#8222;Fenster&#8220; auf die Salzwiesen und auch Sitzgelegenheiten f\u00fcr ein Picknick. Und ein WC.<\/p>\n<p><img loading=\"lazy\" decoding=\"async\" class=\"alignnone size-medium wp-image-591\" src=\"http:\/\/ferienhaus-eiderdeich.com\/wp-content\/uploads\/2022\/12\/IMG_6692-300x225.jpeg\" alt=\"\" width=\"300\" height=\"225\" srcset=\"http:\/\/ferienhaus-eiderdeich.com\/wp-content\/uploads\/2022\/12\/IMG_6692-300x225.jpeg 300w, http:\/\/ferienhaus-eiderdeich.com\/wp-content\/uploads\/2022\/12\/IMG_6692-1024x768.jpeg 1024w, http:\/\/ferienhaus-eiderdeich.com\/wp-content\/uploads\/2022\/12\/IMG_6692-768x576.jpeg 768w, http:\/\/ferienhaus-eiderdeich.com\/wp-content\/uploads\/2022\/12\/IMG_6692-1536x1152.jpeg 1536w, http:\/\/ferienhaus-eiderdeich.com\/wp-content\/uploads\/2022\/12\/IMG_6692-2048x1536.jpeg 2048w, http:\/\/ferienhaus-eiderdeich.com\/wp-content\/uploads\/2022\/12\/IMG_6692-1140x855.jpeg 1140w\" sizes=\"(max-width: 300px) 100vw, 300px\" \/> <img loading=\"lazy\" decoding=\"async\" class=\"alignnone size-medium wp-image-590\" src=\"http:\/\/ferienhaus-eiderdeich.com\/wp-content\/uploads\/2022\/12\/IMG_6687-300x225.jpeg\" alt=\"\" width=\"300\" height=\"225\" srcset=\"http:\/\/ferienhaus-eiderdeich.com\/wp-content\/uploads\/2022\/12\/IMG_6687-300x225.jpeg 300w, http:\/\/ferienhaus-eiderdeich.com\/wp-content\/uploads\/2022\/12\/IMG_6687-1024x768.jpeg 1024w, http:\/\/ferienhaus-eiderdeich.com\/wp-content\/uploads\/2022\/12\/IMG_6687-768x576.jpeg 768w, http:\/\/ferienhaus-eiderdeich.com\/wp-content\/uploads\/2022\/12\/IMG_6687-1536x1152.jpeg 1536w, http:\/\/ferienhaus-eiderdeich.com\/wp-content\/uploads\/2022\/12\/IMG_6687-2048x1536.jpeg 2048w, http:\/\/ferienhaus-eiderdeich.com\/wp-content\/uploads\/2022\/12\/IMG_6687-1140x855.jpeg 1140w\" sizes=\"(max-width: 300px) 100vw, 300px\" \/><\/p>\n<p>Egal ob zu Fu\u00df oder mit dem Fahrrad, alleine oder mit Kinderwagen, es ist eine wundersch\u00f6ne Tour und absolut sehenswert. Darf bei einer Erkundung Eiderstedts nicht fehlen.<\/p>\n<p>Viel Spa\u00df dabei!<\/p>\n","protected":false},"excerpt":{"rendered":"<p>Wie w\u00e4re es mal&#8230;..mit einer Tour zum Westerhever Leuchtturm. Das Wahrezeichen Eiderstedts, der Westerhever Leuchtturm. Mein letzter Besuch war in meiner Kindheit, also wollte ich ihn unbedingt mal wieder sehen und habe eine Radtour dorthin unternommen. Wer mit dem Auto anreist, kann hinter dem Deich auf dem geb\u00fchrenpflichtigen Parkplatz stehen. Die Preise sind hier:\u00a0https:\/\/westerhever-nordsee.de\/service\/parken\/ Auf dieser Seite sind auch die Informationen zum Leuchtturm, den F\u00fchrungen, dem Imbiss am Parkplatz, etc. Es gibt dann zwei Wege zum Leuchtturm. Ein reiner Fussweg (der Stockenstieg) und ein befestigter Weg f\u00fcr Fu\u00dfg\u00e4nger und Radfahrer. Beide sind ca. 2 km und zu Fuss etwa 30 Minuten. Der Stockenstieg ist &#8222;Einbahnstra\u00dfe&#8220; &#8211; vom Leuchtturm zum Deich. (\u00a0https:\/\/westerhever-nordsee.de\/leuchtturm\/stockenstieg\/) Auf den Turm kommt man nur mit vorheriger Anmeldung. Das Gel\u00e4nde um den Turm herum ist aber ge\u00f6ffnet und kostenlos. Es gibt ein &#8222;Fenster&#8220; auf die Salzwiesen und auch Sitzgelegenheiten f\u00fcr ein Picknick. Und ein WC. Egal ob zu Fu\u00df oder mit dem Fahrrad, alleine oder mit Kinderwagen, es ist eine wundersch\u00f6ne Tour und absolut sehenswert. Darf bei einer Erkundung Eiderstedts nicht fehlen. Viel Spa\u00df dabei!<\/p>\n","protected":false},"author":2,"featured_media":586,"comment_status":"closed","ping_status":"open","sticky":false,"template":"","format":"standard","meta":{"footnotes":""},"categories":[14],"tags":[],"class_list":["post-584","post","type-post","status-publish","format-standard","has-post-thumbnail","hentry","category-aktivitaeten"],"_links":{"self":[{"href":"http:\/\/ferienhaus-eiderdeich.com\/index.php?rest_route=\/wp\/v2\/posts\/584","targetHints":{"allow":["GET"]}}],"collection":[{"href":"http:\/\/ferienhaus-eiderdeich.com\/index.php?rest_route=\/wp\/v2\/posts"}],"about":[{"href":"http:\/\/ferienhaus-eiderdeich.com\/index.php?rest_route=\/wp\/v2\/types\/post"}],"author":[{"embeddable":true,"href":"http:\/\/ferienhaus-eiderdeich.com\/index.php?rest_route=\/wp\/v2\/users\/2"}],"replies":[{"embeddable":true,"href":"http:\/\/ferienhaus-eiderdeich.com\/index.php?rest_route=%2Fwp%2Fv2%2Fcomments&post=584"}],"version-history":[{"count":1,"href":"http:\/\/ferienhaus-eiderdeich.com\/index.php?rest_route=\/wp\/v2\/posts\/584\/revisions"}],"predecessor-version":[{"id":596,"href":"http:\/\/ferienhaus-eiderdeich.com\/index.php?rest_route=\/wp\/v2\/posts\/584\/revisions\/596"}],"wp:featuredmedia":[{"embeddable":true,"href":"http:\/\/ferienhaus-eiderdeich.com\/index.php?rest_route=\/wp\/v2\/media\/586"}],"wp:attachment":[{"href":"http:\/\/ferienhaus-eiderdeich.com\/index.php?rest_route=%2Fwp%2Fv2%2Fmedia&parent=584"}],"wp:term":[{"taxonomy":"category","embeddable":true,"href":"http:\/\/ferienhaus-eiderdeich.com\/index.php?rest_route=%2Fwp%2Fv2%2Fcategories&post=584"},{"taxonomy":"post_tag","embeddable":true,"href":"http:\/\/ferienhaus-eiderdeich.com\/index.php?rest_route=%2Fwp%2Fv2%2Ftags&post=584"}],"curies":[{"name":"wp","href":"https:\/\/api.w.org\/{rel}","templated":true}]}}