{"id":458,"date":"2019-09-19T09:54:04","date_gmt":"2019-09-19T09:54:04","guid":{"rendered":"http:\/\/ferienhaus-eiderdeich.com\/?p=458"},"modified":"2019-09-19T09:57:23","modified_gmt":"2019-09-19T09:57:23","slug":"neuer-kamin","status":"publish","type":"post","link":"http:\/\/ferienhaus-eiderdeich.com\/?p=458","title":{"rendered":"Neuer Kamin"},"content":{"rendered":"<p>Noch vor den Herbstferien\u00a0\u00a0haben wir den Kalender geblockt, um einen neuen Kamin einzubauen.<br \/>\nUnd&#8230; es ist so gem\u00fctlich und sch\u00f6n geworden.\u00a0\u00a0Wir wollen gar nicht mehr vom Sofa runter.<br \/>\nHier ist der Vergleich &#8211; neu und alt.<br \/>\nWarum? &#8211; Der alte Kamin hatte eine starke Rauchentwicklung beim Anmachen. Das offene Feuer war romantisch, aber nicht w\u00e4rmeeffizient. Die Gr\u00f6\u00dfe des Kamins passte nicht zum Wohnzimmer.\u00a0<br data-rich-text-line-break=\"true\" \/>Wir sind begeistert.<\/p>\n<figure id=\"attachment_451\" aria-describedby=\"caption-attachment-451\" style=\"width: 300px\" class=\"wp-caption aligncenter\"><img fetchpriority=\"high\" decoding=\"async\" class=\"wp-image-451 size-medium\" src=\"http:\/\/ferienhaus-eiderdeich.com\/wp-content\/uploads\/2019\/09\/IMG_6084-300x200.jpg\" alt=\"\" width=\"300\" height=\"200\" srcset=\"http:\/\/ferienhaus-eiderdeich.com\/wp-content\/uploads\/2019\/09\/IMG_6084-300x200.jpg 300w, http:\/\/ferienhaus-eiderdeich.com\/wp-content\/uploads\/2019\/09\/IMG_6084-768x512.jpg 768w, http:\/\/ferienhaus-eiderdeich.com\/wp-content\/uploads\/2019\/09\/IMG_6084-1024x683.jpg 1024w, http:\/\/ferienhaus-eiderdeich.com\/wp-content\/uploads\/2019\/09\/IMG_6084-1140x760.jpg 1140w\" sizes=\"(max-width: 300px) 100vw, 300px\" \/><figcaption id=\"caption-attachment-451\" class=\"wp-caption-text\">neuer Kaminofen<\/figcaption><\/figure>\n<figure id=\"attachment_452\" aria-describedby=\"caption-attachment-452\" style=\"width: 169px\" class=\"wp-caption aligncenter\"><img decoding=\"async\" class=\"wp-image-452 size-medium\" src=\"http:\/\/ferienhaus-eiderdeich.com\/wp-content\/uploads\/2019\/09\/UNADJUSTEDNONRAW_thumb_5-169x300.jpg\" alt=\"\" width=\"169\" height=\"300\" srcset=\"http:\/\/ferienhaus-eiderdeich.com\/wp-content\/uploads\/2019\/09\/UNADJUSTEDNONRAW_thumb_5-169x300.jpg 169w, http:\/\/ferienhaus-eiderdeich.com\/wp-content\/uploads\/2019\/09\/UNADJUSTEDNONRAW_thumb_5-576x1024.jpg 576w, http:\/\/ferienhaus-eiderdeich.com\/wp-content\/uploads\/2019\/09\/UNADJUSTEDNONRAW_thumb_5.jpg 665w\" sizes=\"(max-width: 169px) 100vw, 169px\" \/><figcaption id=\"caption-attachment-452\" class=\"wp-caption-text\">neuer Kaminofen<\/figcaption><\/figure>\n<figure id=\"attachment_450\" aria-describedby=\"caption-attachment-450\" style=\"width: 300px\" class=\"wp-caption aligncenter\"><img decoding=\"async\" class=\"wp-image-450 size-medium\" src=\"http:\/\/ferienhaus-eiderdeich.com\/wp-content\/uploads\/2019\/09\/IMG_5283-300x200.jpg\" alt=\"\" width=\"300\" height=\"200\" srcset=\"http:\/\/ferienhaus-eiderdeich.com\/wp-content\/uploads\/2019\/09\/IMG_5283-300x200.jpg 300w, http:\/\/ferienhaus-eiderdeich.com\/wp-content\/uploads\/2019\/09\/IMG_5283-768x512.jpg 768w, http:\/\/ferienhaus-eiderdeich.com\/wp-content\/uploads\/2019\/09\/IMG_5283-1024x683.jpg 1024w, http:\/\/ferienhaus-eiderdeich.com\/wp-content\/uploads\/2019\/09\/IMG_5283-1140x760.jpg 1140w\" sizes=\"(max-width: 300px) 100vw, 300px\" \/><figcaption id=\"caption-attachment-450\" class=\"wp-caption-text\">dies war der alte offene Kamin<\/figcaption><\/figure>\n","protected":false},"excerpt":{"rendered":"<p>Noch vor den Herbstferien\u00a0\u00a0haben wir den Kalender geblockt, um einen neuen Kamin einzubauen. Und&#8230; es ist so gem\u00fctlich und sch\u00f6n geworden.\u00a0\u00a0Wir wollen gar nicht mehr vom Sofa runter. Hier ist der Vergleich &#8211; neu und alt. Warum? &#8211; Der alte Kamin hatte eine starke Rauchentwicklung beim Anmachen. Das offene Feuer war romantisch, aber nicht w\u00e4rmeeffizient. Die Gr\u00f6\u00dfe des Kamins passte nicht zum Wohnzimmer.\u00a0Wir sind begeistert.<\/p>\n","protected":false},"author":1,"featured_media":452,"comment_status":"closed","ping_status":"open","sticky":false,"template":"","format":"standard","meta":{"footnotes":""},"categories":[13],"tags":[],"class_list":["post-458","post","type-post","status-publish","format-standard","has-post-thumbnail","hentry","category-ferienhaus"],"_links":{"self":[{"href":"http:\/\/ferienhaus-eiderdeich.com\/index.php?rest_route=\/wp\/v2\/posts\/458","targetHints":{"allow":["GET"]}}],"collection":[{"href":"http:\/\/ferienhaus-eiderdeich.com\/index.php?rest_route=\/wp\/v2\/posts"}],"about":[{"href":"http:\/\/ferienhaus-eiderdeich.com\/index.php?rest_route=\/wp\/v2\/types\/post"}],"author":[{"embeddable":true,"href":"http:\/\/ferienhaus-eiderdeich.com\/index.php?rest_route=\/wp\/v2\/users\/1"}],"replies":[{"embeddable":true,"href":"http:\/\/ferienhaus-eiderdeich.com\/index.php?rest_route=%2Fwp%2Fv2%2Fcomments&post=458"}],"version-history":[{"count":4,"href":"http:\/\/ferienhaus-eiderdeich.com\/index.php?rest_route=\/wp\/v2\/posts\/458\/revisions"}],"predecessor-version":[{"id":462,"href":"http:\/\/ferienhaus-eiderdeich.com\/index.php?rest_route=\/wp\/v2\/posts\/458\/revisions\/462"}],"wp:featuredmedia":[{"embeddable":true,"href":"http:\/\/ferienhaus-eiderdeich.com\/index.php?rest_route=\/wp\/v2\/media\/452"}],"wp:attachment":[{"href":"http:\/\/ferienhaus-eiderdeich.com\/index.php?rest_route=%2Fwp%2Fv2%2Fmedia&parent=458"}],"wp:term":[{"taxonomy":"category","embeddable":true,"href":"http:\/\/ferienhaus-eiderdeich.com\/index.php?rest_route=%2Fwp%2Fv2%2Fcategories&post=458"},{"taxonomy":"post_tag","embeddable":true,"href":"http:\/\/ferienhaus-eiderdeich.com\/index.php?rest_route=%2Fwp%2Fv2%2Ftags&post=458"}],"curies":[{"name":"wp","href":"https:\/\/api.w.org\/{rel}","templated":true}]}}